{"id":1777,"date":"2020-06-19T15:25:00","date_gmt":"2020-06-19T13:25:00","guid":{"rendered":"https:\/\/sarr.com.pl\/?p=1777"},"modified":"2020-06-29T15:52:31","modified_gmt":"2020-06-29T13:52:31","slug":"odkopywanie-starego-ratusza","status":"publish","type":"post","link":"https:\/\/sarr.com.pl\/?p=1777","title":{"rendered":"S\u0105decka Agencja Rozwoju Regionalnego odkopuje Stary Ratusz na Rynku S\u0105deckim"},"content":{"rendered":"\n<p>S\u0105decka Agencja Rozwoju Regionalnego S.A. rozpocz\u0119\u0142a prace archeologiczne w obr\u0119bi\u0119 starego ratusza. Mimo niesprzyjaj\u0105cej aury do chwili obecnej uda\u0142o si\u0119 nam zdj\u0105\u0107 warstw\u0119 wierzchni\u0105 pokrywaj\u0105cej teren ziemi i ods\u0142oni\u0107 koron\u0119 mur\u00f3w ratusza. <\/p>\n\n\n\n<figure class=\"wp-block-gallery columns-2 is-cropped\"><ul class=\"blocks-gallery-grid\"><li class=\"blocks-gallery-item\"><figure><img loading=\"lazy\" width=\"1024\" height=\"683\" src=\"https:\/\/sarr.com.pl\/wp-content\/uploads\/2020\/06\/P6224090-1024x683.jpg\" alt=\"\" data-id=\"1778\" data-full-url=\"https:\/\/sarr.com.pl\/wp-content\/uploads\/2020\/06\/P6224090-scaled.jpg\" data-link=\"https:\/\/sarr.com.pl\/?attachment_id=1778\" class=\"wp-image-1778\" srcset=\"https:\/\/sarr.com.pl\/wp-content\/uploads\/2020\/06\/P6224090-1024x683.jpg 1024w, https:\/\/sarr.com.pl\/wp-content\/uploads\/2020\/06\/P6224090-300x200.jpg 300w, https:\/\/sarr.com.pl\/wp-content\/uploads\/2020\/06\/P6224090-768x513.jpg 768w, https:\/\/sarr.com.pl\/wp-content\/uploads\/2020\/06\/P6224090-1536x1025.jpg 1536w, https:\/\/sarr.com.pl\/wp-content\/uploads\/2020\/06\/P6224090-2048x1367.jpg 2048w\" sizes=\"(max-width: 1024px) 100vw, 1024px\" \/><\/figure><\/li><li class=\"blocks-gallery-item\"><figure><img loading=\"lazy\" width=\"1024\" height=\"576\" src=\"https:\/\/sarr.com.pl\/wp-content\/uploads\/2020\/06\/P6224106-1024x576.jpg\" alt=\"\" data-id=\"1779\" data-full-url=\"https:\/\/sarr.com.pl\/wp-content\/uploads\/2020\/06\/P6224106-scaled.jpg\" data-link=\"https:\/\/sarr.com.pl\/?attachment_id=1779\" class=\"wp-image-1779\" srcset=\"https:\/\/sarr.com.pl\/wp-content\/uploads\/2020\/06\/P6224106-1024x576.jpg 1024w, https:\/\/sarr.com.pl\/wp-content\/uploads\/2020\/06\/P6224106-300x169.jpg 300w, https:\/\/sarr.com.pl\/wp-content\/uploads\/2020\/06\/P6224106-768x432.jpg 768w, https:\/\/sarr.com.pl\/wp-content\/uploads\/2020\/06\/P6224106-1536x864.jpg 1536w, https:\/\/sarr.com.pl\/wp-content\/uploads\/2020\/06\/P6224106-2048x1152.jpg 2048w\" sizes=\"(max-width: 1024px) 100vw, 1024px\" \/><\/figure><\/li><\/ul><\/figure>\n","protected":false},"excerpt":{"rendered":"<p>S\u0105decka Agencja Rozwoju Regionalnego S.A. rozpocz\u0119\u0142a prace archeologiczne w obr\u0119bi\u0119 starego ratusza. Mimo niesprzyjaj\u0105cej aury do chwili obecnej uda\u0142o si\u0119 nam zdj\u0105\u0107 warstw\u0119 wierzchni\u0105 pokrywaj\u0105cej teren ziemi i ods\u0142oni\u0107 koron\u0119 mur\u00f3w ratusza.<\/p>\n","protected":false},"author":8,"featured_media":0,"comment_status":"closed","ping_status":"open","sticky":false,"template":"","format":"standard","meta":[],"categories":[1],"tags":[],"_links":{"self":[{"href":"https:\/\/sarr.com.pl\/index.php?rest_route=\/wp\/v2\/posts\/1777"}],"collection":[{"href":"https:\/\/sarr.com.pl\/index.php?rest_route=\/wp\/v2\/posts"}],"about":[{"href":"https:\/\/sarr.com.pl\/index.php?rest_route=\/wp\/v2\/types\/post"}],"author":[{"embeddable":true,"href":"https:\/\/sarr.com.pl\/index.php?rest_route=\/wp\/v2\/users\/8"}],"replies":[{"embeddable":true,"href":"https:\/\/sarr.com.pl\/index.php?rest_route=%2Fwp%2Fv2%2Fcomments&post=1777"}],"version-history":[{"count":2,"href":"https:\/\/sarr.com.pl\/index.php?rest_route=\/wp\/v2\/posts\/1777\/revisions"}],"predecessor-version":[{"id":1781,"href":"https:\/\/sarr.com.pl\/index.php?rest_route=\/wp\/v2\/posts\/1777\/revisions\/1781"}],"wp:attachment":[{"href":"https:\/\/sarr.com.pl\/index.php?rest_route=%2Fwp%2Fv2%2Fmedia&parent=1777"}],"wp:term":[{"taxonomy":"category","embeddable":true,"href":"https:\/\/sarr.com.pl\/index.php?rest_route=%2Fwp%2Fv2%2Fcategories&post=1777"},{"taxonomy":"post_tag","embeddable":true,"href":"https:\/\/sarr.com.pl\/index.php?rest_route=%2Fwp%2Fv2%2Ftags&post=1777"}],"curies":[{"name":"wp","href":"https:\/\/api.w.org\/{rel}","templated":true}]}}