{"id":2280,"date":"2021-11-29T11:27:01","date_gmt":"2021-11-29T09:27:01","guid":{"rendered":"https:\/\/sarr.com.pl\/?p=2280"},"modified":"2021-11-29T11:43:39","modified_gmt":"2021-11-29T09:43:39","slug":"ksiazka-historia-ubiorow-boleslawa-barbackiego","status":"publish","type":"post","link":"https:\/\/sarr.com.pl\/?p=2280","title":{"rendered":"Ksi\u0105\u017cka &#8222;Historia ubior\u00f3w&#8221; Boles\u0142awa Barbackiego"},"content":{"rendered":"\n<p><strong>&#8222;Historia ubior\u00f3w&#8221;<\/strong> to wyj\u0105tkowe opracowanie tematyki rozwoju stroj\u00f3w na przestrzeni wiek\u00f3w. Jest to wydawnictwo \u017ar\u00f3d\u0142owe, a wydanie tej publikacji oparto o przedwojenny r\u0119kopis.<br \/>Autorem ksi\u0105\u017cki jest Boles\u0142aw Barbacki (1891\u20131941), znany malarz portrecista, ale r\u00f3wnie\u017c aktor i pedagog.<br \/><\/p>\n\n\n\n<p><strong>&#8222;Historia ubior\u00f3w&#8221;<\/strong> zosta\u0142a napisana, jako pomoc naukowa. Oryginalne, przedwojenne kopie opracowania Barbackiego znane by\u0142y dotychczas w \u015bwiecie antykwarycznym \u2013 teraz ten ciekawy materia\u0142 ukazuje si\u0119 drukiem! Wydanie ksi\u0105\u017ckowe zosta\u0142o poszerzone o przedwojenne tablice ilustracyjne, wykorzystywane w szkole za\u0142o\u017conej przez Boles\u0142awa Barbackiego, ale te\u017c o inne ilustracje. Jako dodatek w ksi\u0105\u017cce znalaz\u0142a si\u0119 r\u00f3wnie\u017c nota biograficzna Boles\u0142awa Barbackiego, opis historii za\u0142o\u017conej przez niego szko\u0142y zawodowej, a tak\u017ce inne interesuj\u0105ce informacje. <\/p>\n\n\n\n<p><strong>Ksi\u0105\u017cka zosta\u0142a wydana w czasie Roku Boles\u0142awa Barbackiego<\/strong>, og\u0142oszonego przez w\u0142adze samorz\u0105dowe Nowego S\u0105cza, miasta gdzie \u017cy\u0142 i dzia\u0142a\u0142 Boles\u0142aw Barbacki.<\/p>\n\n\n\n<p><strong>&#8222;Historia ubior\u00f3w&#8221;<\/strong> to niezwykle ciekawa publikacja prezentuj\u0105ca ewolucj\u0119 odzie\u017cy cz\u0142owieka od czas\u00f3w antycznych do pocz\u0105tk\u00f3w XX w.<\/p>\n\n\n\n<p>Serdecznie zapraszamy do zakupu: <a href=\"https:\/\/allegro.pl\/oferta\/historia-ubiorow-barbackiego-boleslawa-11489465648\">ALLEGRO<\/a><\/p>\n\n\n\n<p><a href=\"https:\/\/www.facebook.com\/profile.php?id=100063250358055\">S\u0104DECKA AGENCJA ROZWOJU REGIONALNEGO<\/a><\/p>\n\n\n\n<figure class=\"wp-block-image size-full is-resized\"><a href=\"https:\/\/sarr.com.pl\/wp-content\/uploads\/2021\/11\/Projekt-bez-tytulu-15.jpg\"><img loading=\"lazy\" src=\"https:\/\/sarr.com.pl\/wp-content\/uploads\/2021\/11\/Projekt-bez-tytulu-15.jpg\" alt=\"\" class=\"wp-image-2281\" width=\"608\" height=\"430\" srcset=\"https:\/\/sarr.com.pl\/wp-content\/uploads\/2021\/11\/Projekt-bez-tytulu-15.jpg 2245w, https:\/\/sarr.com.pl\/wp-content\/uploads\/2021\/11\/Projekt-bez-tytulu-15-300x212.jpg 300w, https:\/\/sarr.com.pl\/wp-content\/uploads\/2021\/11\/Projekt-bez-tytulu-15-1024x724.jpg 1024w, https:\/\/sarr.com.pl\/wp-content\/uploads\/2021\/11\/Projekt-bez-tytulu-15-768x543.jpg 768w, https:\/\/sarr.com.pl\/wp-content\/uploads\/2021\/11\/Projekt-bez-tytulu-15-1536x1086.jpg 1536w, https:\/\/sarr.com.pl\/wp-content\/uploads\/2021\/11\/Projekt-bez-tytulu-15-2048x1448.jpg 2048w\" sizes=\"(max-width: 608px) 100vw, 608px\" \/><\/a><\/figure>\n","protected":false},"excerpt":{"rendered":"<p>&#8222;Historia ubior\u00f3w&#8221; to wyj\u0105tkowe opracowanie tematyki rozwoju stroj\u00f3w na przestrzeni wiek\u00f3w. Jest to wydawnictwo \u017ar\u00f3d\u0142owe, a wydanie tej publikacji oparto o przedwojenny r\u0119kopis.Autorem ksi\u0105\u017cki jest Boles\u0142aw Barbacki (1891\u20131941), znany malarz portrecista, ale r\u00f3wnie\u017c aktor i pedagog. &#8222;Historia ubior\u00f3w&#8221; zosta\u0142a napisana, jako pomoc naukowa. Oryginalne, przedwojenne kopie opracowania Barbackiego znane by\u0142y dotychczas w \u015bwiecie antykwarycznym \u2013 [&hellip;]<\/p>\n","protected":false},"author":1,"featured_media":0,"comment_status":"closed","ping_status":"open","sticky":false,"template":"","format":"standard","meta":[],"categories":[1],"tags":[],"_links":{"self":[{"href":"https:\/\/sarr.com.pl\/index.php?rest_route=\/wp\/v2\/posts\/2280"}],"collection":[{"href":"https:\/\/sarr.com.pl\/index.php?rest_route=\/wp\/v2\/posts"}],"about":[{"href":"https:\/\/sarr.com.pl\/index.php?rest_route=\/wp\/v2\/types\/post"}],"author":[{"embeddable":true,"href":"https:\/\/sarr.com.pl\/index.php?rest_route=\/wp\/v2\/users\/1"}],"replies":[{"embeddable":true,"href":"https:\/\/sarr.com.pl\/index.php?rest_route=%2Fwp%2Fv2%2Fcomments&post=2280"}],"version-history":[{"count":5,"href":"https:\/\/sarr.com.pl\/index.php?rest_route=\/wp\/v2\/posts\/2280\/revisions"}],"predecessor-version":[{"id":2290,"href":"https:\/\/sarr.com.pl\/index.php?rest_route=\/wp\/v2\/posts\/2280\/revisions\/2290"}],"wp:attachment":[{"href":"https:\/\/sarr.com.pl\/index.php?rest_route=%2Fwp%2Fv2%2Fmedia&parent=2280"}],"wp:term":[{"taxonomy":"category","embeddable":true,"href":"https:\/\/sarr.com.pl\/index.php?rest_route=%2Fwp%2Fv2%2Fcategories&post=2280"},{"taxonomy":"post_tag","embeddable":true,"href":"https:\/\/sarr.com.pl\/index.php?rest_route=%2Fwp%2Fv2%2Ftags&post=2280"}],"curies":[{"name":"wp","href":"https:\/\/api.w.org\/{rel}","templated":true}]}}