{"id":2416,"date":"2024-03-21T15:33:00","date_gmt":"2024-03-21T13:33:00","guid":{"rendered":"https:\/\/sarr.com.pl\/?p=2416"},"modified":"2024-03-28T15:55:10","modified_gmt":"2024-03-28T13:55:10","slug":"promocja-opracowania-naukowego-zamek-sadecki-1611-1945-autorstwa-grzegorza-olszewskiego-oraz-koncepcja-odbudowy-nowosadeckiego-zamku","status":"publish","type":"post","link":"https:\/\/sarr.com.pl\/?p=2416","title":{"rendered":"Konferencja promocyjna opracowania naukowego &#8222;Zamek s\u0105decki (1611-1945)&#8221;, autorstwa Grzegorza Olszewskiego oraz  koncepcja odbudowy nowos\u0105deckiego zamku."},"content":{"rendered":"\n<figure class=\"wp-block-gallery columns-3 is-cropped\"><ul class=\"blocks-gallery-grid\"><li class=\"blocks-gallery-item\"><figure><a href=\"https:\/\/sarr.com.pl\/wp-content\/uploads\/2024\/03\/1a.jpg\"><img loading=\"lazy\" width=\"768\" height=\"1024\" src=\"https:\/\/sarr.com.pl\/wp-content\/uploads\/2024\/03\/1a-768x1024.jpg\" alt=\"\" data-id=\"2417\" data-full-url=\"https:\/\/sarr.com.pl\/wp-content\/uploads\/2024\/03\/1a.jpg\" data-link=\"https:\/\/sarr.com.pl\/?attachment_id=2417\" class=\"wp-image-2417\" srcset=\"https:\/\/sarr.com.pl\/wp-content\/uploads\/2024\/03\/1a-768x1024.jpg 768w, https:\/\/sarr.com.pl\/wp-content\/uploads\/2024\/03\/1a-225x300.jpg 225w, https:\/\/sarr.com.pl\/wp-content\/uploads\/2024\/03\/1a-1152x1536.jpg 1152w, https:\/\/sarr.com.pl\/wp-content\/uploads\/2024\/03\/1a.jpg 1200w\" sizes=\"(max-width: 768px) 100vw, 768px\" \/><\/a><\/figure><\/li><li class=\"blocks-gallery-item\"><figure><a href=\"https:\/\/sarr.com.pl\/wp-content\/uploads\/2024\/03\/2a.jpg\"><img loading=\"lazy\" width=\"768\" height=\"1024\" src=\"https:\/\/sarr.com.pl\/wp-content\/uploads\/2024\/03\/2a-768x1024.jpg\" alt=\"\" data-id=\"2418\" data-full-url=\"https:\/\/sarr.com.pl\/wp-content\/uploads\/2024\/03\/2a.jpg\" data-link=\"https:\/\/sarr.com.pl\/?attachment_id=2418\" class=\"wp-image-2418\" srcset=\"https:\/\/sarr.com.pl\/wp-content\/uploads\/2024\/03\/2a-768x1024.jpg 768w, https:\/\/sarr.com.pl\/wp-content\/uploads\/2024\/03\/2a-225x300.jpg 225w, https:\/\/sarr.com.pl\/wp-content\/uploads\/2024\/03\/2a-1152x1536.jpg 1152w, https:\/\/sarr.com.pl\/wp-content\/uploads\/2024\/03\/2a.jpg 1200w\" sizes=\"(max-width: 768px) 100vw, 768px\" \/><\/a><\/figure><\/li><li class=\"blocks-gallery-item\"><figure><a href=\"https:\/\/sarr.com.pl\/wp-content\/uploads\/2024\/03\/3.jpg\"><img loading=\"lazy\" width=\"1024\" height=\"680\" src=\"https:\/\/sarr.com.pl\/wp-content\/uploads\/2024\/03\/3-1024x680.jpg\" alt=\"\" data-id=\"2419\" data-full-url=\"https:\/\/sarr.com.pl\/wp-content\/uploads\/2024\/03\/3.jpg\" data-link=\"https:\/\/sarr.com.pl\/?attachment_id=2419\" class=\"wp-image-2419\" srcset=\"https:\/\/sarr.com.pl\/wp-content\/uploads\/2024\/03\/3-1024x680.jpg 1024w, https:\/\/sarr.com.pl\/wp-content\/uploads\/2024\/03\/3-300x199.jpg 300w, https:\/\/sarr.com.pl\/wp-content\/uploads\/2024\/03\/3-768x510.jpg 768w, https:\/\/sarr.com.pl\/wp-content\/uploads\/2024\/03\/3.jpg 1280w\" sizes=\"(max-width: 1024px) 100vw, 1024px\" \/><\/a><\/figure><\/li><li class=\"blocks-gallery-item\"><figure><a href=\"https:\/\/sarr.com.pl\/wp-content\/uploads\/2024\/03\/3a.jpg\"><img loading=\"lazy\" width=\"1024\" height=\"768\" src=\"https:\/\/sarr.com.pl\/wp-content\/uploads\/2024\/03\/3a-1024x768.jpg\" alt=\"\" data-id=\"2420\" data-full-url=\"https:\/\/sarr.com.pl\/wp-content\/uploads\/2024\/03\/3a.jpg\" data-link=\"https:\/\/sarr.com.pl\/?attachment_id=2420\" class=\"wp-image-2420\" srcset=\"https:\/\/sarr.com.pl\/wp-content\/uploads\/2024\/03\/3a-1024x768.jpg 1024w, https:\/\/sarr.com.pl\/wp-content\/uploads\/2024\/03\/3a-300x225.jpg 300w, https:\/\/sarr.com.pl\/wp-content\/uploads\/2024\/03\/3a-768x576.jpg 768w, https:\/\/sarr.com.pl\/wp-content\/uploads\/2024\/03\/3a-1536x1152.jpg 1536w, https:\/\/sarr.com.pl\/wp-content\/uploads\/2024\/03\/3a.jpg 2048w\" sizes=\"(max-width: 1024px) 100vw, 1024px\" \/><\/a><\/figure><\/li><li class=\"blocks-gallery-item\"><figure><a href=\"https:\/\/sarr.com.pl\/wp-content\/uploads\/2024\/03\/4.jpg\"><img loading=\"lazy\" width=\"1024\" height=\"682\" src=\"https:\/\/sarr.com.pl\/wp-content\/uploads\/2024\/03\/4-1024x682.jpg\" alt=\"\" data-id=\"2421\" data-full-url=\"https:\/\/sarr.com.pl\/wp-content\/uploads\/2024\/03\/4.jpg\" data-link=\"https:\/\/sarr.com.pl\/?attachment_id=2421\" class=\"wp-image-2421\" srcset=\"https:\/\/sarr.com.pl\/wp-content\/uploads\/2024\/03\/4-1024x682.jpg 1024w, https:\/\/sarr.com.pl\/wp-content\/uploads\/2024\/03\/4-300x200.jpg 300w, https:\/\/sarr.com.pl\/wp-content\/uploads\/2024\/03\/4-768x511.jpg 768w, https:\/\/sarr.com.pl\/wp-content\/uploads\/2024\/03\/4.jpg 1200w\" sizes=\"(max-width: 1024px) 100vw, 1024px\" \/><\/a><\/figure><\/li><li class=\"blocks-gallery-item\"><figure><a href=\"https:\/\/sarr.com.pl\/wp-content\/uploads\/2024\/03\/4a.jpg\"><img loading=\"lazy\" width=\"1024\" height=\"678\" src=\"https:\/\/sarr.com.pl\/wp-content\/uploads\/2024\/03\/4a-1024x678.jpg\" alt=\"\" data-id=\"2422\" data-full-url=\"https:\/\/sarr.com.pl\/wp-content\/uploads\/2024\/03\/4a.jpg\" data-link=\"https:\/\/sarr.com.pl\/?attachment_id=2422\" class=\"wp-image-2422\" srcset=\"https:\/\/sarr.com.pl\/wp-content\/uploads\/2024\/03\/4a-1024x678.jpg 1024w, https:\/\/sarr.com.pl\/wp-content\/uploads\/2024\/03\/4a-300x199.jpg 300w, https:\/\/sarr.com.pl\/wp-content\/uploads\/2024\/03\/4a-768x508.jpg 768w, https:\/\/sarr.com.pl\/wp-content\/uploads\/2024\/03\/4a.jpg 1080w\" sizes=\"(max-width: 1024px) 100vw, 1024px\" \/><\/a><\/figure><\/li><li class=\"blocks-gallery-item\"><figure><a href=\"https:\/\/sarr.com.pl\/wp-content\/uploads\/2024\/03\/6.jpg\"><img loading=\"lazy\" width=\"1024\" height=\"682\" src=\"https:\/\/sarr.com.pl\/wp-content\/uploads\/2024\/03\/6-1024x682.jpg\" alt=\"\" data-id=\"2423\" data-full-url=\"https:\/\/sarr.com.pl\/wp-content\/uploads\/2024\/03\/6.jpg\" data-link=\"https:\/\/sarr.com.pl\/?attachment_id=2423\" class=\"wp-image-2423\" srcset=\"https:\/\/sarr.com.pl\/wp-content\/uploads\/2024\/03\/6-1024x682.jpg 1024w, https:\/\/sarr.com.pl\/wp-content\/uploads\/2024\/03\/6-300x200.jpg 300w, https:\/\/sarr.com.pl\/wp-content\/uploads\/2024\/03\/6-768x512.jpg 768w, https:\/\/sarr.com.pl\/wp-content\/uploads\/2024\/03\/6-1536x1023.jpg 1536w, https:\/\/sarr.com.pl\/wp-content\/uploads\/2024\/03\/6.jpg 1920w\" sizes=\"(max-width: 1024px) 100vw, 1024px\" \/><\/a><\/figure><\/li><li class=\"blocks-gallery-item\"><figure><a href=\"https:\/\/sarr.com.pl\/wp-content\/uploads\/2024\/03\/7.jpg\"><img loading=\"lazy\" width=\"1024\" height=\"682\" src=\"https:\/\/sarr.com.pl\/wp-content\/uploads\/2024\/03\/7-1024x682.jpg\" alt=\"\" data-id=\"2424\" data-full-url=\"https:\/\/sarr.com.pl\/wp-content\/uploads\/2024\/03\/7.jpg\" data-link=\"https:\/\/sarr.com.pl\/?attachment_id=2424\" class=\"wp-image-2424\" srcset=\"https:\/\/sarr.com.pl\/wp-content\/uploads\/2024\/03\/7-1024x682.jpg 1024w, https:\/\/sarr.com.pl\/wp-content\/uploads\/2024\/03\/7-300x200.jpg 300w, https:\/\/sarr.com.pl\/wp-content\/uploads\/2024\/03\/7-768x512.jpg 768w, https:\/\/sarr.com.pl\/wp-content\/uploads\/2024\/03\/7-1536x1023.jpg 1536w, https:\/\/sarr.com.pl\/wp-content\/uploads\/2024\/03\/7.jpg 1920w\" sizes=\"(max-width: 1024px) 100vw, 1024px\" \/><\/a><\/figure><\/li><\/ul><\/figure>\n\n\n\n<p>21 marca 2024 r. to wielki dzie\u0144 dla s\u0105deckiej historii. W\u0142a\u015bnie dzi\u015b odbywa si\u0119 promocja opracowania naukowego &#8222;Zamek s\u0105decki (1611-1945)&#8221;, autorstwa Grzegorza Olszewskiego. Wydawnictwo ukazuje si\u0119 jako efekt wieloletnich prac badawczych historyka, kt\u00f3re odbywa\u0142y si\u0119 dzi\u0119ki dzia\u0142aniom Prezydenta Ludomira Handzla i S\u0105deckiej Agencji Rozwoju Regionalnego S.A. W ten spos\u00f3b historiografia zamku s\u0105deckiego wzbogaca si\u0119 o kompleksowe opracowanie do 1945 roku. Teraz czas na budowanie przysz\u0142o\u015bci wok\u00f3\u0142 s\u0105deckiej warowni.  <\/p>\n\n\n\n<p>Koncepcja odbudowy zamku zosta\u0142a przedstawiona przez Prezydenta Miasta Nowy S\u0105cz Ludomira Handzla, a zosta\u0142a przygotowana  przez zesp\u00f3\u0142 SARR w osobach Jaros\u0142aw Suwa\u0142a, Sylwia G\u0105dek, Natalia Olchawa, Bart\u0142omiej Urba\u0144ski, Grzegorz Olszewski, Zbigniew Maciejowski.<\/p>\n","protected":false},"excerpt":{"rendered":"<p>21 marca 2024 r. to wielki dzie\u0144 dla s\u0105deckiej historii. W\u0142a\u015bnie dzi\u015b odbywa si\u0119 promocja opracowania naukowego &#8222;Zamek s\u0105decki (1611-1945)&#8221;, autorstwa Grzegorza Olszewskiego. Wydawnictwo ukazuje si\u0119 jako efekt wieloletnich prac badawczych historyka, kt\u00f3re odbywa\u0142y si\u0119 dzi\u0119ki dzia\u0142aniom Prezydenta Ludomira Handzla i S\u0105deckiej Agencji Rozwoju Regionalnego S.A. W ten spos\u00f3b historiografia zamku s\u0105deckiego wzbogaca si\u0119 o [&hellip;]<\/p>\n","protected":false},"author":8,"featured_media":0,"comment_status":"closed","ping_status":"open","sticky":false,"template":"","format":"standard","meta":[],"categories":[1],"tags":[],"_links":{"self":[{"href":"https:\/\/sarr.com.pl\/index.php?rest_route=\/wp\/v2\/posts\/2416"}],"collection":[{"href":"https:\/\/sarr.com.pl\/index.php?rest_route=\/wp\/v2\/posts"}],"about":[{"href":"https:\/\/sarr.com.pl\/index.php?rest_route=\/wp\/v2\/types\/post"}],"author":[{"embeddable":true,"href":"https:\/\/sarr.com.pl\/index.php?rest_route=\/wp\/v2\/users\/8"}],"replies":[{"embeddable":true,"href":"https:\/\/sarr.com.pl\/index.php?rest_route=%2Fwp%2Fv2%2Fcomments&post=2416"}],"version-history":[{"count":3,"href":"https:\/\/sarr.com.pl\/index.php?rest_route=\/wp\/v2\/posts\/2416\/revisions"}],"predecessor-version":[{"id":2431,"href":"https:\/\/sarr.com.pl\/index.php?rest_route=\/wp\/v2\/posts\/2416\/revisions\/2431"}],"wp:attachment":[{"href":"https:\/\/sarr.com.pl\/index.php?rest_route=%2Fwp%2Fv2%2Fmedia&parent=2416"}],"wp:term":[{"taxonomy":"category","embeddable":true,"href":"https:\/\/sarr.com.pl\/index.php?rest_route=%2Fwp%2Fv2%2Fcategories&post=2416"},{"taxonomy":"post_tag","embeddable":true,"href":"https:\/\/sarr.com.pl\/index.php?rest_route=%2Fwp%2Fv2%2Ftags&post=2416"}],"curies":[{"name":"wp","href":"https:\/\/api.w.org\/{rel}","templated":true}]}}